
{"id":1083,"date":"2014-01-24T15:22:02","date_gmt":"2014-01-24T17:22:02","guid":{"rendered":"http:\/\/saapblog.wordpress.com\/?p=1083"},"modified":"2014-01-24T15:22:02","modified_gmt":"2014-01-24T17:22:02","slug":"ciclovia-do-largo-da-batata-sera-reativada-e-expandida","status":"publish","type":"post","link":"https:\/\/saapgestao.com.br\/saapold\/ciclovia-do-largo-da-batata-sera-reativada-e-expandida\/","title":{"rendered":"Ciclovia do Largo da Batata ser\u00e1 reativada e expandida"},"content":{"rendered":"<p><a href=\"http:\/\/gazetadepinheiros.com.br\/cidades\/ciclovia-do-largo-da-batata-sera-reativada-e-expandida-24-01-2014-htm\" target=\"_blank\">Gazeta de Pinheiros, 24\/01\/2014, por Diego Gouv\u00eaa<\/a><\/p>\n<p><em>Em visita \u00e0 regi\u00e3o, o prefeito Fernando Haddad anunciou a instala\u00e7\u00e3o de um biciclet\u00e1rio e a retomada do projeto que prev\u00ea a extens\u00e3o da ciclovia na Faria Lima<\/em><\/p>\n<div id=\"fonte\"><\/div>\n<div id=\"postS\">\n<div id=\"caption\">\n<p><span style=\"font-size:14.84px;line-height:1.5em;\">Andar de bicicleta pela regi\u00e3o dever\u00e1 ser mais f\u00e1cil e menos arriscado. Pelo menos essa \u00e9 a perspectiva do prefeito Fernando Haddad, que em visita ao Largo da Batata na \u00faltima quarta-feira (22) anunciou a retomada do projeto de ciclovias que ter\u00e1 uma das suas etapas implantada entre os parques Villa-Lobos e Ibirapuera, ao longo de 15 quil\u00f4metros.\u00a0<\/span><\/p>\n<\/div>\n<p>O sistema de ciclovias ter\u00e1 ao todo 37 quil\u00f4metros de extens\u00e3o e compreende as avenidas Professor Fonseca Rodrigues, Pedroso de Moraes, Brigadeiro Faria Lima, Engenheiro Luis Carlos Berrini, Chucri Zaidan e \u00c1gua Espraiada. O projeto \u00e9 dividido em quatro lotes que ser\u00e3o liberados de acordo com a conclus\u00e3o das obras, estimadas em 15 meses.<\/p>\n<address id=\"caption\"><img decoding=\"async\" alt=\"Trecho de ciclovia na Faria Lima que ser\u00e1 reformado \/ G1J \" src=\"http:\/\/gazetadepinheiros.com.br\/uploads\/DSCF7089_grupo1.jpg\" \/><br \/>\nTrecho de ciclovia na Faria Lima que ser\u00e1 reformado \/ G1J<\/address>\n<p>Os trabalhos ter\u00e3o in\u00edcio no lote entre o Villa-Lobos e o trecho da Avenida Brigadeiro Faria Lima at\u00e9 a Rua dos Pinheiros, onde a ciclovia requer adequa\u00e7\u00f5es t\u00e9cnicas como reforma do piso e sinaliza\u00e7\u00e3o. As interven\u00e7\u00f5es nesta \u00e1rea devem come\u00e7ar entre maio e junho, ap\u00f3s a contrata\u00e7\u00e3o da obra. Esta etapa deve levar tr\u00eas meses para ser finalizada.<\/p>\n<p>O segundo lote ser\u00e1 implantado entre a Avenida Cidade Jardim e o Parque do Ibirapuera, enquanto o terceiro e quatro correspondem \u00e0 continua\u00e7\u00e3o do ramal at\u00e9 o Terminal Jo\u00e3o Dias, pelo trecho entre as avenidas\u00a0Luis Carlos Berrini e\u00a0\u00c1gua Espraiada. As obras destas fases t\u00eam previs\u00e3o de 15 meses.<\/p>\n<p>\u201cA nova ciclovia n\u00e3o s\u00f3 permitir\u00e1 interligar parques como o Villa-Lobos, do Povo e Ibirapuera como tamb\u00e9m facilitar\u00e1 o acesso aos centros comerciais da regi\u00e3o. Isso vai ajudar \u00e0queles que pretendem trocar o carro pela bicicleta\u201d, afirmou Fernando Haddad.<\/p>\n<p>O prefeito destacou ainda a possibilidade de se utilizar melhor as futuras ciclovias por meio do aluguel de bicicletas do programa Bike Sampa. \u201cO Bilhete \u00danico permitir\u00e1 a utiliza\u00e7\u00e3o da bicicleta como um verdadeiro modal pelo per\u00edodo de uma hora gratuitamente, com integra\u00e7\u00e3o aos terminais de \u00f4nibus e esta\u00e7\u00f5es de metr\u00f4 e trem\u201d, disse Haddad. A partir deste s\u00e1bado (25), o empr\u00e9stimo de bikes passar\u00e1 de 30 minutos para uma hora.<\/p>\n<address id=\"caption\"><strong><strong><img decoding=\"async\" alt=\"Local onde ser\u00e1 implantado o biciclet\u00e1rio no Largo da Batata \/ G1J\" src=\"http:\/\/gazetadepinheiros.com.br\/uploads\/Haddad_97_grupo1.jpg\" \/><br \/>\n<\/strong><\/strong>Local onde ser\u00e1 implantado o biciclet\u00e1rio no Largo da Batata \/ G1J<\/address>\n<p><strong>Biciclet\u00e1rio<\/strong><\/p>\n<p>Ao longo do tra\u00e7ado, a ciclovia ter\u00e1 biciclet\u00e1rios para os usu\u00e1rios. O primeiro ser\u00e1 implantado ao lado da Esta\u00e7\u00e3o Faria Lima do Metr\u00f4, uma antiga reivindica\u00e7\u00e3o da regi\u00e3o, com previs\u00e3o de entrega em mar\u00e7o. \u201cEste local \u00e9 uma conquista dos cicloativistas, que fizeram uma campanha com 26 mil assinaturas para 90 vagas ao lado da esta\u00e7\u00e3o\u201d, afirma o cicloativista Jo\u00e3o Paulo Amaral.<\/p>\n<p>O biciclet\u00e1rio vai oferecer servi\u00e7os de manuten\u00e7\u00e3o para bicicletas e ter\u00e1 uma banca de flores nas imedia\u00e7\u00f5es. Estes dois equipamentos fazem parte das interven\u00e7\u00f5es urban\u00edsticas do projeto de requalifica\u00e7\u00e3o do Largo da Batata, que ser\u00e1 contemplado ainda com conex\u00e3o wi-fi gratuita e outros mobili\u00e1rios urbano.<\/p>\n<p>Durante sua visita ao centro de Pinheiros, o prefeito conversou com alguns moradores e comerciantes da regi\u00e3o. Um representante do Movimento Boa Pra\u00e7a prop\u00f4s a ele a instala\u00e7\u00e3o de bancos com encosto na esplanada entre os Largos da Batata e de Pinheiros. \u201cOs modelos atuais na maioria das \u00e1reas verdes da cidade n\u00e3o t\u00eam encosto, s\u00e3o bancos da exclus\u00e3o, bancos anti-mendigo\u201d, afirmou Ricardo Ferraz, morador da regi\u00e3o e membro do grupo.<\/p>\n<p>Antes de ir embora, o prefeito passou pelo Mercado de Pinheiros, onde conversou com os permission\u00e1rios para colher opini\u00f5es sobre como integrar melhor o equipamento com o contexto do novo Largo da Batata. A dire\u00e7\u00e3o do local sugeriu a implanta\u00e7\u00e3o de uma feira de produtos org\u00e2nicos e a extens\u00e3o do sistema wi-fi para atrair a popula\u00e7\u00e3o. Haddad se comprometeu a verificar se o projeto urban\u00edstico da regi\u00e3o contempla as sugest\u00f5es.<\/p>\n<address><img decoding=\"async\" style=\"font-size:14.84px;line-height:1.5em;\" alt=\"Ciclovia na Faria Lima ser\u00e1 expandido at\u00e9 Ibirapuera, obras no trecho devem come\u00e7ar em maio ou junho \/ G1J\" src=\"http:\/\/gazetadepinheiros.com.br\/uploads\/DSCN0584_grupo1.jpg\" \/><br \/>\n<span style=\"font-size:14.84px;line-height:1.5em;\">Ciclovia na Faria Lima ser\u00e1 expandido at\u00e9 Ibirapuera, obras no trecho devem come\u00e7ar em maio ou junho \/ G1J<\/span><\/address>\n<\/div>\n","protected":false},"excerpt":{"rendered":"<p>Gazeta de Pinheiros, 24\/01\/2014, por Diego Gouv\u00eaa Em visita \u00e0 regi\u00e3o, o prefeito Fernando Haddad anunciou a instala\u00e7\u00e3o de um biciclet\u00e1rio e a retomada do projeto que prev\u00ea a extens\u00e3o da ciclovia na Faria Lima Andar de bicicleta pela regi\u00e3o dever\u00e1 ser mais f\u00e1cil e menos arriscado. Pelo menos essa \u00e9 a perspectiva do prefeito [&hellip;]<\/p>\n","protected":false},"author":6,"featured_media":102,"comment_status":"open","ping_status":"open","sticky":false,"template":"","format":"standard","meta":{"footnotes":""},"categories":[16,27,10,1,30],"tags":[],"class_list":["post-1083","post","type-post","status-publish","format-standard","has-post-thumbnail","hentry","category-acontece-no-bairro","category-ciclovia","category-mobilidade","category-sem-categoria","category-transito"],"_links":{"self":[{"href":"https:\/\/saapgestao.com.br\/saapold\/wp-json\/wp\/v2\/posts\/1083"}],"collection":[{"href":"https:\/\/saapgestao.com.br\/saapold\/wp-json\/wp\/v2\/posts"}],"about":[{"href":"https:\/\/saapgestao.com.br\/saapold\/wp-json\/wp\/v2\/types\/post"}],"author":[{"embeddable":true,"href":"https:\/\/saapgestao.com.br\/saapold\/wp-json\/wp\/v2\/users\/6"}],"replies":[{"embeddable":true,"href":"https:\/\/saapgestao.com.br\/saapold\/wp-json\/wp\/v2\/comments?post=1083"}],"version-history":[{"count":0,"href":"https:\/\/saapgestao.com.br\/saapold\/wp-json\/wp\/v2\/posts\/1083\/revisions"}],"wp:featuredmedia":[{"embeddable":true,"href":"https:\/\/saapgestao.com.br\/saapold\/wp-json\/wp\/v2\/media\/102"}],"wp:attachment":[{"href":"https:\/\/saapgestao.com.br\/saapold\/wp-json\/wp\/v2\/media?parent=1083"}],"wp:term":[{"taxonomy":"category","embeddable":true,"href":"https:\/\/saapgestao.com.br\/saapold\/wp-json\/wp\/v2\/categories?post=1083"},{"taxonomy":"post_tag","embeddable":true,"href":"https:\/\/saapgestao.com.br\/saapold\/wp-json\/wp\/v2\/tags?post=1083"}],"curies":[{"name":"wp","href":"https:\/\/api.w.org\/{rel}","templated":true}]}}