
{"id":5353,"date":"2019-03-18T16:23:21","date_gmt":"2019-03-18T19:23:21","guid":{"rendered":"https:\/\/saapgestao.com.br\/saapold\/?p=5353"},"modified":"2019-03-18T18:21:53","modified_gmt":"2019-03-18T21:21:53","slug":"em-reuniao-com-a-saap-novo-prefeito-regional-de-pinheiros-revela-quais-serao-as-prioridades-de-sua-gestao","status":"publish","type":"post","link":"https:\/\/saapgestao.com.br\/saapold\/em-reuniao-com-a-saap-novo-prefeito-regional-de-pinheiros-revela-quais-serao-as-prioridades-de-sua-gestao\/","title":{"rendered":"Em reuni\u00e3o com a SAAP, novo prefeito regional de Pinheiros revela quais ser\u00e3o as prioridades de sua gest\u00e3o"},"content":{"rendered":"<p><img fetchpriority=\"high\" decoding=\"async\" class=\"alignleft size-medium wp-image-5159\" src=\"http:\/\/saapgestao.com.br\/saapold\/wp-content\/uploads\/2018\/10\/eletropaulo-300x200.jpg\" alt=\"\" width=\"300\" height=\"200\" srcset=\"https:\/\/saapgestao.com.br\/saapold\/wp-content\/uploads\/2018\/10\/eletropaulo-300x200.jpg 300w, https:\/\/saapgestao.com.br\/saapold\/wp-content\/uploads\/2018\/10\/eletropaulo-768x512.jpg 768w, https:\/\/saapgestao.com.br\/saapold\/wp-content\/uploads\/2018\/10\/eletropaulo-1024x682.jpg 1024w, https:\/\/saapgestao.com.br\/saapold\/wp-content\/uploads\/2018\/10\/eletropaulo.jpg 1876w\" sizes=\"(max-width: 300px) 100vw, 300px\" \/>Zeladoria e fiscaliza\u00e7\u00e3o de usos de espa\u00e7os p\u00fablicos e privados est\u00e3o entre as prioridades do novo prefeito regional de Pinheiros, Jo\u00e3o Grande, que em 28 de fevereiro recebeu a SAAP na sede do \u00f3rg\u00e3o. Durante o encontro, ele acenou para a hip\u00f3tese de realizar reuni\u00f5es\u00a0mensais com associa\u00e7\u00f5es dos bairros sob sua responsabilidade, entre eles, Alto de Pinheiros. Seria uma forma de estabelecer um canal para acolher reivindica\u00e7\u00f5es de moradores da regi\u00e3o \u2013 que engloba ainda Itaim Bibi, Vila Madalena e Pinheiros.<\/p>\n<p>Grande assumiu o cargo em 17 de janeiro, em um momento no qual o prefeito Bruno Covas promoveu v\u00e1rias modifica\u00e7\u00f5es em seu secretariado, herdado do ex-prefeito e atual governador do estado, Jo\u00e3o Doria.<\/p>\n<p>Na reuni\u00e3o do m\u00eas passado, a SAAP foi representada por Maria Helena Os\u00f3rio Bueno, presidente da associa\u00e7\u00e3o, M\u00e1rcia Kalvon Woods,\u00a0vice-presidente, Silvia Zanotti Magalh\u00e3es, tesoureira, Marcelo\u00a0 Campagnolo, novo membro da diretoria, e Ignez Barretto,\u00a0presidente do conselho consultivo. Elas destacaram que as prioridades do novo titular da prefeitura regional est\u00e3o alinhadas com as principais demandas de quem vive em Alto dos Pinheiros. Intensificar a fiscaliza\u00e7\u00e3o, por exemplo, ajudaria a conter uma situa\u00e7\u00e3o recorrente nas franjas do nosso bairro, que faz fronteira com a bo\u00eamia Vila Madalena.<\/p>\n<p>\u201cOs bares at\u00e9 fecham no hor\u00e1rio estipulado, mas aparecem vendedores ambulantes de bebida, e as pessoas continuam nas ruas. Isso precisa ser fiscalizado\u201d, enfatizou M\u00e1rcia.<\/p>\n<p>J\u00e1 a zeladoria, outro ponto considerado priorit\u00e1rio, tem profundo impacto no cotidiano dos cidad\u00e3os, embora, em uma primeira leitura, possa parecer algo menos relevante diante das grandes quest\u00f5es enfrentadas por uma metr\u00f3pole como S\u00e3o Paulo.<\/p>\n<p>S\u00f3 para se ter uma ideia da import\u00e2ncia do tema, no ano passado, a SAAP recebeu nada menos do que 162 den\u00fancias ligadas \u00e0 zeladoria. A grande maioria (132) foi resolvida pela Regional de Pinheiros, para onde foram encaminhadas todas as demandas.<\/p>\n<p><strong>Tempestades e queda de energia<\/strong><\/p>\n<p>Ainda sob o impacto dos estragos provocados pelas tempestades de fevereiro, Grande abordou na reuni\u00e3o a quest\u00e3o das podas de \u00e1rvores em Alto dos Pinheiros, uma das \u00e1reas mais verdes da cidade. O novo prefeito regional adiantou que vai conversar com a Enel (antiga Eletropaulo) sobre o assunto. N\u00e3o raras vezes, galhos ficam muito pr\u00f3ximos ou caem sobre a rede el\u00e9trica, interrompendo o fornecimento de energia, situa\u00e7\u00e3o frequente no nosso bairro. Por isso, \u00e9 necess\u00e1rio apoio da concession\u00e1ria para que o trabalho de poda seja realizado.<\/p>\n<p>N\u00f3s, da SAAP, sa\u00edmos otimistas da reuni\u00e3o com o novo prefeito regional de Pinheiros. Nossa expectativa n\u00e3o \u00e9 s\u00f3 a de manter o bom di\u00e1logo que sempre tivemos com o \u00f3rg\u00e3o, mas de aprofund\u00e1-lo cada vez mais. Afinal, acreditamos que a parceria entre poder p\u00fablico e sociedade civil \u00e9 a chave para a constru\u00e7\u00e3o de uma cidade melhor.<\/p>\n","protected":false},"excerpt":{"rendered":"<p>Zeladoria e fiscaliza\u00e7\u00e3o de usos de espa\u00e7os p\u00fablicos e privados est\u00e3o entre as prioridades do novo prefeito regional de Pinheiros, Jo\u00e3o Grande, que em 28 de fevereiro recebeu a SAAP na sede do \u00f3rg\u00e3o. Durante o encontro, ele acenou para a hip\u00f3tese de realizar reuni\u00f5es\u00a0mensais com associa\u00e7\u00f5es dos bairros sob sua responsabilidade, entre eles, Alto [&hellip;]<\/p>\n","protected":false},"author":6,"featured_media":5159,"comment_status":"open","ping_status":"open","sticky":false,"template":"","format":"standard","meta":{"footnotes":""},"categories":[16,88,50,81,1],"tags":[],"class_list":["post-5353","post","type-post","status-publish","format-standard","has-post-thumbnail","hentry","category-acontece-no-bairro","category-alto-dos-pinheiros-em-foco","category-iluminacao-urbana","category-poluicao-sonora","category-sem-categoria"],"_links":{"self":[{"href":"https:\/\/saapgestao.com.br\/saapold\/wp-json\/wp\/v2\/posts\/5353"}],"collection":[{"href":"https:\/\/saapgestao.com.br\/saapold\/wp-json\/wp\/v2\/posts"}],"about":[{"href":"https:\/\/saapgestao.com.br\/saapold\/wp-json\/wp\/v2\/types\/post"}],"author":[{"embeddable":true,"href":"https:\/\/saapgestao.com.br\/saapold\/wp-json\/wp\/v2\/users\/6"}],"replies":[{"embeddable":true,"href":"https:\/\/saapgestao.com.br\/saapold\/wp-json\/wp\/v2\/comments?post=5353"}],"version-history":[{"count":0,"href":"https:\/\/saapgestao.com.br\/saapold\/wp-json\/wp\/v2\/posts\/5353\/revisions"}],"wp:featuredmedia":[{"embeddable":true,"href":"https:\/\/saapgestao.com.br\/saapold\/wp-json\/wp\/v2\/media\/5159"}],"wp:attachment":[{"href":"https:\/\/saapgestao.com.br\/saapold\/wp-json\/wp\/v2\/media?parent=5353"}],"wp:term":[{"taxonomy":"category","embeddable":true,"href":"https:\/\/saapgestao.com.br\/saapold\/wp-json\/wp\/v2\/categories?post=5353"},{"taxonomy":"post_tag","embeddable":true,"href":"https:\/\/saapgestao.com.br\/saapold\/wp-json\/wp\/v2\/tags?post=5353"}],"curies":[{"name":"wp","href":"https:\/\/api.w.org\/{rel}","templated":true}]}}