
{"id":8059,"date":"2023-12-22T19:41:16","date_gmt":"2023-12-22T21:41:16","guid":{"rendered":"https:\/\/saapgestao.com.br\/saapold\/?p=8059"},"modified":"2023-12-22T19:41:18","modified_gmt":"2023-12-22T21:41:18","slug":"praca-por-do-sol-passa-a-ter-dois-cachorrodromos","status":"publish","type":"post","link":"https:\/\/saapgestao.com.br\/saapold\/praca-por-do-sol-passa-a-ter-dois-cachorrodromos\/","title":{"rendered":"Pra\u00e7a P\u00f4r do Sol passa a ter dois cachorr\u00f3dromos"},"content":{"rendered":"\n<div class=\"wp-block-image\"><figure class=\"aligncenter size-large is-resized\"><img fetchpriority=\"high\" decoding=\"async\" src=\"http:\/\/saapgestao.com.br\/saapold\/wp-content\/uploads\/2023\/12\/Cachorrodromo-Por-do-Sol-1024x768.jpeg\" alt=\"\" class=\"wp-image-8061\" width=\"526\" height=\"395\" srcset=\"https:\/\/saapgestao.com.br\/saapold\/wp-content\/uploads\/2023\/12\/Cachorrodromo-Por-do-Sol-1024x768.jpeg 1024w, https:\/\/saapgestao.com.br\/saapold\/wp-content\/uploads\/2023\/12\/Cachorrodromo-Por-do-Sol-300x225.jpeg 300w, https:\/\/saapgestao.com.br\/saapold\/wp-content\/uploads\/2023\/12\/Cachorrodromo-Por-do-Sol-768x576.jpeg 768w, https:\/\/saapgestao.com.br\/saapold\/wp-content\/uploads\/2023\/12\/Cachorrodromo-Por-do-Sol-1536x1152.jpeg 1536w, https:\/\/saapgestao.com.br\/saapold\/wp-content\/uploads\/2023\/12\/Cachorrodromo-Por-do-Sol.jpeg 1600w\" sizes=\"(max-width: 526px) 100vw, 526px\" \/><\/figure><\/div>\n\n\n\n<p>Alto dos Pinheiros, com tantas casas de quintais amplos, \u00e9 prop\u00edcio para quem gosta de cachorros. E prop\u00edcio, tamb\u00e9m, para passear com eles: as ruas s\u00e3o arborizadas e, na maioria das vezes, relativamente tranquilas. Mas h\u00e1 poucos cachorr\u00f3dromos, locais p\u00fablicos e cercados onde se pode soltar os c\u00e3es de modo seguro para eles, para os tutores e para as pessoas que preferem n\u00e3o ser incomodadas pelos pets. H\u00e1 um na pra\u00e7a Coronel Cust\u00f3dio Fernandes Pinheiros (mais conhecida como P\u00f4r do Sol) e outro mais distante, na pra\u00e7a Amundsen (Boa\u00e7ava).<\/p>\n\n\n\n<p>Mas, agora, os donos de c\u00e3es t\u00eam um bom motivo para comemorar: o primeiro cachorr\u00f3dromo da P\u00f4r do Sol est\u00e1 passando por reformas e a pra\u00e7a ganhou um segundo, quase dez vezes maior, que j\u00e1 est\u00e1 pronto.<\/p>\n\n\n\n<div class=\"wp-block-image\"><figure class=\"alignright size-large is-resized\"><img decoding=\"async\" src=\"http:\/\/saapgestao.com.br\/saapold\/wp-content\/uploads\/2023\/12\/Cachorrodromo-Por-do-Sol_2-768x1024.jpeg\" alt=\"\" class=\"wp-image-8062\" width=\"296\" height=\"395\" srcset=\"https:\/\/saapgestao.com.br\/saapold\/wp-content\/uploads\/2023\/12\/Cachorrodromo-Por-do-Sol_2-768x1024.jpeg 768w, https:\/\/saapgestao.com.br\/saapold\/wp-content\/uploads\/2023\/12\/Cachorrodromo-Por-do-Sol_2-225x300.jpeg 225w, https:\/\/saapgestao.com.br\/saapold\/wp-content\/uploads\/2023\/12\/Cachorrodromo-Por-do-Sol_2-1152x1536.jpeg 1152w, https:\/\/saapgestao.com.br\/saapold\/wp-content\/uploads\/2023\/12\/Cachorrodromo-Por-do-Sol_2.jpeg 1200w\" sizes=\"(max-width: 296px) 100vw, 296px\" \/><\/figure><\/div>\n\n\n\n<p>A ideia inicial era, a pedido da comunidade, ampliar o cachorr\u00f3dromo existente, segundo a Subprefeitura de Pinheiros. Mas verificou-se que isso n\u00e3o seria poss\u00edvel, e ent\u00e3o a administra\u00e7\u00e3o municipal reservou uma parte maior da pra\u00e7a para constru\u00e7\u00e3o de outro espa\u00e7o.<\/p>\n\n\n\n<p>O novo local tem 2 mil metros quadrados (contra 226 do primeiro). Nele ser\u00e3o instalados oito bancos, uma placa indicativa e pedriscos, para maior comodidade dos c\u00e3es.<\/p>\n\n\n\n<p>No cachorr\u00f3dromo original, a Subprefeitura est\u00e1 reformando a rampa de madeira (usada para os c\u00e3es brincarem), adicionando pedriscos e instalando um banco. Uma queixa antiga dos usu\u00e1rios foi ouvida: o alambrado ser\u00e1 fechado com alvenaria na parte pr\u00f3xima ao solo, para impedir que animais pequenos escapem.<\/p>\n\n\n\n<p>A previs\u00e3o da Subprefeitura \u00e9 que as obras estejam conclu\u00eddas at\u00e9 o final de 2023. Tudo indica, ent\u00e3o, que os pets do nosso bairro ter\u00e3o um 2024 cheio de divers\u00f5es!<\/p>\n","protected":false},"excerpt":{"rendered":"<p>Alto dos Pinheiros, com tantas casas de quintais amplos, \u00e9 prop\u00edcio para quem gosta de cachorros. E prop\u00edcio, tamb\u00e9m, para passear com eles: as ruas s\u00e3o arborizadas e, na maioria das vezes, relativamente tranquilas. Mas h\u00e1 poucos cachorr\u00f3dromos, locais p\u00fablicos e cercados onde se pode soltar os c\u00e3es de modo seguro para eles, para os [&hellip;]<\/p>\n","protected":false},"author":6,"featured_media":8061,"comment_status":"open","ping_status":"open","sticky":false,"template":"","format":"standard","meta":{"footnotes":""},"categories":[208,194,59],"tags":[],"class_list":["post-8059","post","type-post","status-publish","format-standard","has-post-thumbnail","hentry","category-animais-domesticos","category-praca-por-do-sol","category-subprefeitura-de-pinheiros"],"_links":{"self":[{"href":"https:\/\/saapgestao.com.br\/saapold\/wp-json\/wp\/v2\/posts\/8059"}],"collection":[{"href":"https:\/\/saapgestao.com.br\/saapold\/wp-json\/wp\/v2\/posts"}],"about":[{"href":"https:\/\/saapgestao.com.br\/saapold\/wp-json\/wp\/v2\/types\/post"}],"author":[{"embeddable":true,"href":"https:\/\/saapgestao.com.br\/saapold\/wp-json\/wp\/v2\/users\/6"}],"replies":[{"embeddable":true,"href":"https:\/\/saapgestao.com.br\/saapold\/wp-json\/wp\/v2\/comments?post=8059"}],"version-history":[{"count":0,"href":"https:\/\/saapgestao.com.br\/saapold\/wp-json\/wp\/v2\/posts\/8059\/revisions"}],"wp:featuredmedia":[{"embeddable":true,"href":"https:\/\/saapgestao.com.br\/saapold\/wp-json\/wp\/v2\/media\/8061"}],"wp:attachment":[{"href":"https:\/\/saapgestao.com.br\/saapold\/wp-json\/wp\/v2\/media?parent=8059"}],"wp:term":[{"taxonomy":"category","embeddable":true,"href":"https:\/\/saapgestao.com.br\/saapold\/wp-json\/wp\/v2\/categories?post=8059"},{"taxonomy":"post_tag","embeddable":true,"href":"https:\/\/saapgestao.com.br\/saapold\/wp-json\/wp\/v2\/tags?post=8059"}],"curies":[{"name":"wp","href":"https:\/\/api.w.org\/{rel}","templated":true}]}}